{"id":23134,"date":"2025-07-09T09:00:02","date_gmt":"2025-07-09T09:00:02","guid":{"rendered":"https:\/\/geres.pt\/?p=23134"},"modified":"2026-03-24T09:56:01","modified_gmt":"2026-03-24T09:56:01","slug":"geres-seguro-2025-2","status":"publish","type":"post","link":"https:\/\/geres.pt\/en\/geres-seguro-2025-2\/","title":{"rendered":"GER\u00caS SEGURO 2025"},"content":{"rendered":"<p>[vc_row css=&#8221;.vc_custom_1678374967119{padding-right: 50px !important;padding-left: 50px !important;}&#8221;][vc_column][vc_empty_space height=&#8221;10px&#8221;][vc_custom_heading text=&#8221;Projeto Ger\u00eas Seguro: Promo\u00e7\u00e3o de um Turismo Respons\u00e1vel e Sustent\u00e1vel no concelho de Terras de Bouro.&#8221; font_container=&#8221;tag:h2|font_size:20|text_align:justify&#8221; use_theme_fonts=&#8221;yes&#8221;][vc_empty_space height=&#8221;10px&#8221;]<p style=\"text-align: left;\">O Ger\u00eas Seguro 2025 \u00e9 um projeto inovador que tem vindo a promover a divulga\u00e7\u00e3o de orienta\u00e7\u00f5es fundamentais de boas pr\u00e1ticas ambientais nos locais de maior aflu\u00eancia tur\u00edstica no concelho de Terras de Bouro, no Parque Nacional da Peneda-Ger\u00eas.<\/p>\n<p>Desde o seu lan\u00e7amento, em 2020, o projeto nasce com o objetivo de promover um turismo sustent\u00e1vel e respons\u00e1vel no Parque Nacional da Peneda-Ger\u00eas, com foco especial na <strong>prote\u00e7\u00e3o ambiental<\/strong> <strong>e<\/strong> <strong>seguran\u00e7a dos visitantes<\/strong>, tendo como meta a sensibiliza\u00e7\u00e3o e orienta\u00e7\u00e3o dos visitantes e turistas, incluindo os clientes de diversos estabelecimentos tur\u00edsticos, para que possam desfrutar em seguran\u00e7a dos recursos tur\u00edsticos da regi\u00e3o.<\/p>\n<p style=\"text-align: left;\">Desenvolvido em parceria entre a Associa\u00e7\u00e3o Ger\u00eas Viver Turismo e a C\u00e2mara Municipal de Terras de Bouro, o Ger\u00eas Seguro conta tamb\u00e9m com o valioso apoio da Carclasse S.A., que disponibilizou uma viatura 100% el\u00e9trica, permitindo assim, uma maior efici\u00eancia nas a\u00e7\u00f5es de divulga\u00e7\u00e3o e fiscaliza\u00e7\u00e3o do projeto.<\/p>\n<p>Esta iniciativa procura assim promover a consci\u00eancia ecol\u00f3gica, unindo a<strong> prote\u00e7\u00e3o do patrim\u00f3nio natural <\/strong>\u00e0<strong> promo\u00e7\u00e3o da seguran\u00e7a de quem visita o parque<\/strong>, incentivando<strong> comportamentos respons\u00e1veis e sustent\u00e1veis<\/strong> em plena harmonia com a natureza.<\/p>\n[vc_empty_space][vc_single_image image=&#8221;23135&#8243; img_size=&#8221;large&#8221; alignment=&#8221;center&#8221; onclick=&#8221;link_image&#8221;][vc_single_image image=&#8221;23141&#8243; img_size=&#8221;large&#8221; alignment=&#8221;center&#8221; onclick=&#8221;link_image&#8221;][vc_single_image image=&#8221;23137&#8243; img_size=&#8221;large&#8221; alignment=&#8221;center&#8221; onclick=&#8221;link_image&#8221;][\/vc_column][\/vc_row][vc_row][vc_column][\/vc_column][\/vc_row][vc_row][vc_column][\/vc_column][\/vc_row][vc_row][vc_column][\/vc_column][\/vc_row]<\/p>\n","protected":false},"excerpt":{"rendered":"<p>[vc_row css=&#8221;.vc_custom_1678374967119{padding-right: 50px !important;padding-left: 50px !important;}&#8221;][vc_column][vc_empty_space height=&#8221;10px&#8221;][vc_custom_heading text=&#8221;Projeto Ger\u00eas Seguro: Promo\u00e7\u00e3o de um Turismo Respons\u00e1vel e Sustent\u00e1vel no concelho de Terras de Bouro.&#8221; font_container=&#8221;tag:h2|font_size:20|text_align:justify&#8221; use_theme_fonts=&#8221;yes&#8221;][vc_empty_space height=&#8221;10px&#8221;][vc_empty_space][vc_single_image image=&#8221;23135&#8243; img_size=&#8221;large&#8221; alignment=&#8221;center&#8221; onclick=&#8221;link_image&#8221;][vc_single_image image=&#8221;23141&#8243; img_size=&#8221;large&#8221; alignment=&#8221;center&#8221; onclick=&#8221;link_image&#8221;][vc_single_image image=&#8221;23137&#8243; img_size=&#8221;large&#8221; alignment=&#8221;center&#8221; onclick=&#8221;link_image&#8221;][\/vc_column][\/vc_row][vc_row][vc_column][\/vc_column][\/vc_row][vc_row][vc_column][\/vc_column][\/vc_row][vc_row][vc_column][\/vc_column][\/vc_row]<\/p>\n","protected":false},"author":15,"featured_media":23156,"comment_status":"closed","ping_status":"closed","sticky":false,"template":"","format":"standard","meta":{"_tribe_blocks_recurrence_rules":"","_tribe_blocks_recurrence_exclusions":"","_tribe_blocks_recurrence_description":""},"categories":[84],"tags":[],"_links":{"self":[{"href":"https:\/\/geres.pt\/en\/wp-json\/wp\/v2\/posts\/23134\/"}],"collection":[{"href":"https:\/\/geres.pt\/en\/wp-json\/wp\/v2\/posts\/"}],"about":[{"href":"https:\/\/geres.pt\/en\/wp-json\/wp\/v2\/types\/post\/"}],"author":[{"embeddable":true,"href":"https:\/\/geres.pt\/en\/wp-json\/wp\/v2\/users\/15\/"}],"replies":[{"embeddable":true,"href":"https:\/\/geres.pt\/en\/wp-json\/wp\/v2\/comments\/?post=23134"}],"version-history":[{"count":2,"href":"https:\/\/geres.pt\/en\/wp-json\/wp\/v2\/posts\/23134\/revisions\/"}],"predecessor-version":[{"id":23158,"href":"https:\/\/geres.pt\/en\/wp-json\/wp\/v2\/posts\/23134\/revisions\/23158\/"}],"wp:featuredmedia":[{"embeddable":true,"href":"https:\/\/geres.pt\/en\/wp-json\/wp\/v2\/media\/23156\/"}],"wp:attachment":[{"href":"https:\/\/geres.pt\/en\/wp-json\/wp\/v2\/media\/?parent=23134"}],"wp:term":[{"taxonomy":"category","embeddable":true,"href":"https:\/\/geres.pt\/en\/wp-json\/wp\/v2\/categories\/?post=23134"},{"taxonomy":"post_tag","embeddable":true,"href":"https:\/\/geres.pt\/en\/wp-json\/wp\/v2\/tags\/?post=23134"}],"curies":[{"name":"wp","href":"https:\/\/api.w.org\/{rel}","templated":true}]}}