{"id":22261,"date":"2025-02-25T17:55:43","date_gmt":"2025-02-25T17:55:43","guid":{"rendered":"https:\/\/geres.pt\/?p=22261"},"modified":"2026-03-20T11:14:47","modified_gmt":"2026-03-20T11:14:47","slug":"festival_de_caminhadas-geres25-2","status":"publish","type":"post","link":"https:\/\/geres.pt\/en\/festival_de_caminhadas-geres25-2\/","title":{"rendered":"12\u00ba FESTIVAL DE CAMINHADAS &#8211; GER\u00caS 2025"},"content":{"rendered":"<p>[vc_row][vc_column][vc_empty_space height=&#8221;50px&#8221;]<h2 style=\"text-align: center;\"><\/h2>\n<h2 style=\"text-align: center;\"><strong><img loading=\"lazy\" class=\" wp-image-22297 aligncenter\" src=\"https:\/\/geres.pt\/wp-content\/uploads\/2025\/02\/Banner-FC25-300x111.png\" alt=\"\" width=\"1651\" height=\"611\" srcset=\"https:\/\/geres.pt\/wp-content\/uploads\/2025\/02\/Banner-FC25-300x111.png 300w, https:\/\/geres.pt\/wp-content\/uploads\/2025\/02\/Banner-FC25-768x284.png 768w, https:\/\/geres.pt\/wp-content\/uploads\/2025\/02\/Banner-FC25.png 851w\" sizes=\"(max-width: 1651px) 100vw, 1651px\" \/><\/strong><\/h2>\n<h2 style=\"text-align: center;\"><strong>12\u00ba FESTIV<\/strong><strong>AL DE CAMINHADAS &#8211; GER\u00caS 2025<\/strong><\/h2>\n<p>&nbsp;<\/p>\n<p style=\"text-align: center;\">Organizado pela associa\u00e7\u00e3o Ger\u00eas Viver Turismo e com o apoio da C\u00e2mara Municipal de Terras de Bouro, vai realizar-se nos dias 22 e 23 de mar\u00e7o mais uma edi\u00e7\u00e3o do Festival de Caminhadas no Ger\u00eas. Em parceria com seis empresas de anima\u00e7\u00e3o tur\u00edstica que operam no destino tur\u00edstico Ger\u00eas e cujos profissionais s\u00e3o profundamente conhecedores do territ\u00f3rio. O evento conta ainda com o apoio da Decathlon Braga e da \u00c1gua do Fastio.<\/p>\n<p style=\"text-align: center;\">Esta ser\u00e1 a 12\u00aa edi\u00e7\u00e3o do evento e em 2025 os participantes ter\u00e3o a oportunidade de percorrer trilhos na envolvente da aldeia de Santa Isabel do Monte, cujo patrim\u00f3nio natural e paisag\u00edstico \u00e9 de ineg\u00e1vel valor.<br \/>\nEm cada um dos dias v\u00e3o realizar-se 3 caminhadas guiadas, percorrendo outros tantos trilhos, todos eles circulares, mas com extens\u00f5es e graus de dificuldade diferentes, do curto ao longo, possibilitando a participa\u00e7\u00e3o de todos, independentemente da experi\u00eancia que possam ter.<\/p>\n<p style=\"text-align: center;\">No final das caminhadas, em ambos os dias, ser\u00e1 promovido o conv\u00edvio entre todos os participantes com a oferta do t\u00edpico Caldo no Pote em malga alusiva ao evento e de bifana no p\u00e3o.<\/p>\n<p>&nbsp;<\/p>\n<h3 style=\"text-align: center;\"><em><a href=\"https:\/\/geres.pt\/wp-content\/uploads\/2025\/02\/Cartaz-Festival-Caminhadas-GVT-2025.png\" target=\"_blank\" rel=\"noopener\">Cartaz 12\u00ba Festival de Caminhadas &#8211; Ger\u00eas 2025<\/a>\u00a0<\/em><\/h3>\n<p>&nbsp;<\/p>\n<p style=\"text-align: center;\"><strong>Fichas T\u00e9cnicas dos Trilhos \/ Festival de Caminhadas<\/strong><\/p>\n<p style=\"text-align: center;\"><em>(dispon\u00edveis para download &#8211; pdf)<\/em><\/p>\n<p style=\"text-align: center;\"><strong>Dia 22 S\u00e1bado<\/strong> &#8211; <strong><a href=\"https:\/\/geres.pt\/wp-content\/uploads\/2025\/02\/Trilho-curto-22.pdf\" target=\"_blank\" rel=\"noopener\">Trilho Curto<\/a><\/strong> \/\/ <a href=\"https:\/\/geres.pt\/wp-content\/uploads\/2025\/02\/Trilho-medio-22.pdf\" target=\"_blank\" rel=\"noopener\"><strong>Trilho M\u00e9dio<\/strong><\/a> \/\/ <a href=\"https:\/\/geres.pt\/wp-content\/uploads\/2025\/02\/Trilho-longo-22.pdf\" target=\"_blank\" rel=\"noopener\"><strong>Trilho Longo<\/strong><\/a><\/p>\n<p style=\"text-align: center;\"><strong>Dia 23 Domingo<\/strong> &#8211; <a href=\"https:\/\/geres.pt\/wp-content\/uploads\/2025\/02\/Trilho-curto-23.pdf\" target=\"_blank\" rel=\"noopener\"><strong>Trilho Curto<\/strong><\/a> \/\/\u00a0 <a href=\"https:\/\/geres.pt\/wp-content\/uploads\/2025\/02\/Trilho-medio-23.pdf\" target=\"_blank\" rel=\"noopener\"><strong>Trilho M\u00e9dio<\/strong><\/a> \/\/ <a href=\"https:\/\/geres.pt\/wp-content\/uploads\/2025\/02\/Trilho-longo-23.pdf\" target=\"_blank\" rel=\"noopener\"><strong>Trilho Longo<\/strong><\/a><\/p>\n<h4 style=\"text-align: center;\"><strong>Local de Encontro \/ In\u00edcio e Fim das Caminhadas: J<em>unto ao centro interpretativo \u201cEscola do Monte\u201d.<\/em><\/strong><\/h4>\n<p style=\"text-align: center;\"><strong>Hor\u00e1rios:<\/strong><\/p>\n<p style=\"text-align: center;\"><em><strong>Dia 22 | S\u00e1bado<\/strong><\/em><br \/>\nTrilho Longo | In\u00edcio \u00e0s 09:00h <span style=\"color: #ff0000;\">(Esgotado)<\/span><br \/>\nTrilho M\u00e9dio | In\u00edcio \u00e0s 10:00h <span style=\"color: #ff0000;\">(Esgotado)<\/span><br \/>\nTrilho Curto\u00a0 | In\u00edcio \u00e0s 11:00h<br \/>\nCaldo no pote | 13:00h<\/p>\n<p style=\"text-align: center;\"><em><strong>Dia 23 | Domingo<\/strong><\/em><br \/>\nTrilho Longo | In\u00edcio \u00e0s 09:00h <span style=\"color: #ff0000;\">(Esgotado)<\/span><br \/>\nTrilho M\u00e9dio | In\u00edcio \u00e0s 10:00h <span style=\"color: #ff0000;\">(Esgotado)<\/span><br \/>\nTrilho Curto\u00a0 | In\u00edcio \u00e0s 11:00h<br \/>\nCaldo no pote | 13:00h<\/p>\n<p style=\"text-align: center;\">Este festival, considerado como um dos mais interessantes e significativos do g\u00e9nero em Portugal, tem como objetivo principal a promo\u00e7\u00e3o do Ger\u00eas enquanto destino tur\u00edstico com condi\u00e7\u00f5es \u00edmpares para a pr\u00e1tica de atividades de lazer na Natureza, proporcionando o contacto direto com o patrim\u00f3nio natural e cultural, sendo que s\u00e3o tamb\u00e9m objetivos da organiza\u00e7\u00e3o a sensibiliza\u00e7\u00e3o para a preserva\u00e7\u00e3o da Natureza e a pr\u00e1tica de atividades em montanha de forma segura e respons\u00e1vel.<\/p>\n<p>&nbsp;<\/p>\n<h2 style=\"text-align: center;\"><strong>INSCRI\u00c7\u00d5ES E CONDI\u00c7\u00d5ES<br \/>\n<\/strong><\/h2>\n<p style=\"text-align: center;\"><strong>Pode efetuar no m\u00e1ximo inscri\u00e7\u00e3o em 2 trilhos, 1 no s\u00e1bado e 1 no domingo.<\/strong><\/p>\n<ul>\n<li>As inscri\u00e7\u00f5es devem ser realizadas diretamente com a associa\u00e7\u00e3o Ger\u00eas Viver Turismo (link disponibilizado nesta p\u00e1gina) e <strong>t\u00eam o valor de 12 \u20ac para 1 dia e o valor de 20,00 \u20ac para os 2 dias.<\/strong><\/li>\n<li>As inscri\u00e7\u00f5es encerram dia 19 de mar\u00e7o ou eventualmente antes dessa data, se entretanto for atingido o limite m\u00e1ximo de inscri\u00e7\u00f5es definido pela organiza\u00e7\u00e3o.<\/li>\n<li><strong>A inscri\u00e7\u00e3o inclui seguro, servi\u00e7o de guia, caldo no pote + bifana no p\u00e3o com sumo, \u00e1gua ou vinho <\/strong><strong>e malga alusiva ao evento.<\/strong><\/li>\n<li><strong>Em caso de desist\u00eancia ou n\u00e3o compar\u00eancia o valor pago n\u00e3o ser\u00e1 devolvido.\u00a0<\/strong><\/li>\n<li>Para participantes que venham a ficar alojados nas empresas aderentes a este evento (ver listagem em baixo), a inscri\u00e7\u00e3o \u00e9 realizada diretamente na empresa selecionada, onde vai ser cliente, podendo usufruir de &#8220;Condi\u00e7\u00f5es e pre\u00e7os especiais&#8221;, que devem ser consultadas junto da empresa.<\/li>\n<\/ul>\n[vc_empty_space][vc_separator][vc_empty_space]<div class=\"text-block\" ><div class=\"simple-text \"><h2 style=\"text-align: center;\"><strong>Sugest\u00f5es de <a href=\"https:\/\/geres.pt\/alojamento\/\" target=\"_blank\" rel=\"noopener\">alojamento<\/a> e de <a href=\"https:\/\/geres.pt\/restaurantes\/\" target=\"_blank\" rel=\"noopener\">restaurantes<\/a> no concelho de Terras de Bouro<\/strong><\/h2>\n<\/div><\/div>[vc_empty_space][vc_btn title=&#8221;INSCRI\u00c7\u00d5ES&#8221; color=&#8221;danger&#8221; size=&#8221;lg&#8221; align=&#8221;center&#8221; link=&#8221;url:https%3A%2F%2Fgeres.pt%2Feventos-geres-viver-turismo%2F|title:INSCRI%C3%87%C3%95ES|target:%20_blank|&#8221;][vc_empty_space][\/vc_column][\/vc_row][vc_row][vc_column][vc_btn title=&#8221;LOCALIZA\u00c7\u00c3O DO EVENTO&#8221; color=&#8221;primary&#8221; size=&#8221;lg&#8221; align=&#8221;center&#8221; link=&#8221;url:https%3A%2F%2Fmaps.app.goo.gl%2FC4sBHUQtpgcEnxWm9|title:LOCALIZA%C3%87%C3%83O%20DO%20EVENTO|target:%20_blank|&#8221;][vc_empty_space][vc_separator][vc_empty_space][\/vc_column][\/vc_row][vc_row][vc_column]<div class=\"text-block\" ><div class=\"simple-text \"><p style=\"text-align: center;\"><strong>Organiza\u00e7\u00e3o:<\/strong><\/p>\n<p style=\"text-align: center;\"><a href=\"https:\/\/geres.pt\/\" target=\"_blank\" rel=\"noopener\">Ger\u00eas Viver Turismo \u2013 Associa\u00e7\u00e3o de Defesa e Promo\u00e7\u00e3o do Ger\u00eas<\/a><\/p>\n<p style=\"text-align: center;\"><strong>Apoio:<\/strong><br \/>\n<a href=\"http:\/\/www.cm-terrasdebouro.pt\" target=\"_blank\" rel=\"noopener\">C\u00e2mara Municipal de Terras de Bouro<\/a><\/p>\n<p style=\"text-align: center;\"><a href=\"https:\/\/www.fastio.pt\/\">\u00c1gua do Fastio<\/a><\/p>\n<p style=\"text-align: center;\"><strong>Empresas Parceiras:<\/strong><\/p>\n<p style=\"text-align: center;\"><a href=\"http:\/\/www.equicampo.com\/\">Equi Campo<\/a><\/p>\n<p style=\"text-align: center;\"><a href=\"http:\/\/www.equidesafios.com\/\">Equi Desafios<\/a><\/p>\n<p style=\"text-align: center;\"><a href=\"http:\/\/www.geresmont.com\/\">Geresmont<\/a><\/p>\n<p style=\"text-align: center;\"><a href=\"http:\/\/www.greenmangeres.com\" target=\"_blank\" rel=\"noopener\">Green Man Ger\u00eas<\/a><\/p>\n<p style=\"text-align: center;\"><a href=\"https:\/\/keentours.com\/\">Keen Tours<\/a><\/p>\n<p style=\"text-align: center;\"><a href=\"http:\/\/www.parquecerdeira.com\/\">Parque Cerdeira<\/a><\/p>\n<\/div><\/div>[vc_empty_space][\/vc_column][\/vc_row][vc_row][vc_column]<div class=\"text-block\" ><div class=\"simple-text \"><p style=\"text-align: center;\"><strong>ESTABELECIMENTOS ADERENTES<\/strong><\/p>\n<p style=\"text-align: center;\"><a href=\"https:\/\/geres.pt\/adelaidehotel\/\" target=\"_blank\" rel=\"noopener\">Adelaide Hotel<\/a><\/p>\n<p style=\"text-align: center;\">Beira Rio do Ger\u00eas (925 358 843)<\/p>\n<p style=\"text-align: center;\"><a href=\"https:\/\/geres.pt\/belezadaserra\/\" target=\"_blank\" rel=\"noopener\">Beleza Serra Guide Hotel<\/a><\/p>\n<p style=\"text-align: center;\"><a href=\"https:\/\/geres.pt\/casadaldeia\/\" target=\"_blank\" rel=\"noopener\">Casa d`Aldeia<\/a><\/p>\n<p style=\"text-align: center;\"><a href=\"https:\/\/geres.pt\/casadamineira\/\" target=\"_blank\" rel=\"noopener\">Casa da Mineira<\/a><\/p>\n<p style=\"text-align: center;\"><a href=\"https:\/\/geres.pt\/casa-do-avo-xico\/\" target=\"_blank\" rel=\"noopener\">Casa do Av\u00f4 Xico<\/a><\/p>\n<p style=\"text-align: center;\"><a href=\"https:\/\/geres.pt\/casadoeido\/\" target=\"_blank\" rel=\"noopener\">Casa do Eido<\/a><\/p>\n<p style=\"text-align: center;\"><a href=\"https:\/\/geres.pt\/casadopostigo-2\/\" target=\"_blank\" rel=\"noopener\">Casa do Postigo<\/a><\/p>\n<p style=\"text-align: center;\"><a href=\"https:\/\/geres.pt\/casa-sao-bernardo-de-claraval\/\" target=\"_blank\" rel=\"noopener\">Casa S\u00e3o Bernardo de Claraval<\/a><\/p>\n<p style=\"text-align: center;\"><a href=\"https:\/\/geres.pt\/equicampo\/\" target=\"_blank\" rel=\"noopener\">Equi Campo<\/a><\/p>\n<p style=\"text-align: center;\"><a href=\"https:\/\/geres.pt\/equidesafios\/\" target=\"_blank\" rel=\"noopener\">Equi`Desafios<\/a><\/p>\n<p style=\"text-align: center;\"><a href=\"https:\/\/www.ermidagerescamping.com\/\" target=\"_blank\" rel=\"noopener\">Ermida Ger\u00eas Camping<\/a><\/p>\n<p style=\"text-align: center;\"><a href=\"https:\/\/geres.pt\/geresguesthouse\/\" target=\"_blank\" rel=\"noopener\">Ger\u00eas Guesthouse<\/a><\/p>\n<p style=\"text-align: center;\"><a href=\"https:\/\/geres.pt\/gerester-alojamentolocal\/\" target=\"_blank\" rel=\"noopener\">Ger\u00eas TER<\/a><\/p>\n<p style=\"text-align: center;\"><a href=\"https:\/\/www.facebook.com\/greenmangeres\/\" target=\"_blank\" rel=\"noopener\">Green Man Ger\u00eas<\/a><\/p>\n<p style=\"text-align: center;\"><a href=\"https:\/\/geres.pt\/horizontedogeres\/\" target=\"_blank\" rel=\"noopener\">Horizonte do Ger\u00eas<\/a><\/p>\n<p style=\"text-align: center;\"><a href=\"https:\/\/geres.pt\/aguas-do-geres-hotel-termas-spa\/\" target=\"_blank\" rel=\"noopener\">Hotel \u00c1guas do Ger\u00eas<\/a><\/p>\n<p style=\"text-align: center;\"><a href=\"https:\/\/geres.pt\/hotelapartamentosgeresribeiro\/\" target=\"_blank\" rel=\"noopener\">Hotel-Apartamentos Ger\u00eas Ribeiro<\/a><\/p>\n<p style=\"text-align: center;\"><a href=\"https:\/\/geres.pt\/hotelcarvalhoaraujo\/\" target=\"_blank\" rel=\"noopener\">Hotel Carvalho Ara\u00fajo<\/a><\/p>\n<p style=\"text-align: center;\"><a href=\"https:\/\/geres.pt\/hotelecosalvador\/\" target=\"_blank\" rel=\"noopener\">Hotel Eco Salvador<\/a><\/p>\n<p style=\"text-align: center;\"><a href=\"https:\/\/geres.pt\/hotelsaobento\/\" target=\"_blank\" rel=\"noopener\">Hotel S\u00e3o Bento<\/a><\/p>\n<p style=\"text-align: center;\"><a href=\"https:\/\/geres.pt\/hoteltermas\/\" target=\"_blank\" rel=\"noopener\">Hotel Termas<\/a><\/p>\n<p style=\"text-align: center;\"><a href=\"https:\/\/geres.pt\/hoteluniversal\/\" target=\"_blank\" rel=\"noopener\">Hotel Universal<\/a><\/p>\n<p style=\"text-align: center;\"><a href=\"https:\/\/geres.pt\/keentours\/\" target=\"_blank\" rel=\"noopener\">Keen Tours<\/a><\/p>\n<p style=\"text-align: center;\"><a href=\"https:\/\/geres.pt\/parquecerdeira\/\" target=\"_blank\" rel=\"noopener\">Parque Cerdeira<\/a><\/p>\n<p style=\"text-align: center;\"><a href=\"https:\/\/geres.pt\/restaurante-o-abocanhado\/\" target=\"_blank\" rel=\"noopener\">Restaurante O Abocanhado<\/a><\/p>\n<p style=\"text-align: center;\"><a href=\"https:\/\/geres.pt\/villasdoagrinho\/\" target=\"_blank\" rel=\"noopener\">Villas do Agrinho<\/a><\/p>\n<p style=\"text-align: center;\"><a href=\"https:\/\/www.agrinho.com\/pt\" target=\"_blank\" rel=\"noopener\">Agrinho Suites e SPA<\/a><\/p>\n<\/div><\/div>[\/vc_column][\/vc_row]<\/p>\n","protected":false},"excerpt":{"rendered":"<p>Destaques<\/p>\n","protected":false},"author":11,"featured_media":22293,"comment_status":"closed","ping_status":"closed","sticky":false,"template":"","format":"standard","meta":{"_tribe_blocks_recurrence_rules":"","_tribe_blocks_recurrence_exclusions":"","_tribe_blocks_recurrence_description":""},"categories":[85],"tags":[],"_links":{"self":[{"href":"https:\/\/geres.pt\/en\/wp-json\/wp\/v2\/posts\/22261\/"}],"collection":[{"href":"https:\/\/geres.pt\/en\/wp-json\/wp\/v2\/posts\/"}],"about":[{"href":"https:\/\/geres.pt\/en\/wp-json\/wp\/v2\/types\/post\/"}],"author":[{"embeddable":true,"href":"https:\/\/geres.pt\/en\/wp-json\/wp\/v2\/users\/11\/"}],"replies":[{"embeddable":true,"href":"https:\/\/geres.pt\/en\/wp-json\/wp\/v2\/comments\/?post=22261"}],"version-history":[{"count":9,"href":"https:\/\/geres.pt\/en\/wp-json\/wp\/v2\/posts\/22261\/revisions\/"}],"predecessor-version":[{"id":22480,"href":"https:\/\/geres.pt\/en\/wp-json\/wp\/v2\/posts\/22261\/revisions\/22480\/"}],"wp:featuredmedia":[{"embeddable":true,"href":"https:\/\/geres.pt\/en\/wp-json\/wp\/v2\/media\/22293\/"}],"wp:attachment":[{"href":"https:\/\/geres.pt\/en\/wp-json\/wp\/v2\/media\/?parent=22261"}],"wp:term":[{"taxonomy":"category","embeddable":true,"href":"https:\/\/geres.pt\/en\/wp-json\/wp\/v2\/categories\/?post=22261"},{"taxonomy":"post_tag","embeddable":true,"href":"https:\/\/geres.pt\/en\/wp-json\/wp\/v2\/tags\/?post=22261"}],"curies":[{"name":"wp","href":"https:\/\/api.w.org\/{rel}","templated":true}]}}