{"id":15846,"date":"2023-07-16T17:46:05","date_gmt":"2023-07-16T17:46:05","guid":{"rendered":"https:\/\/geres.pt\/?p=15846"},"modified":"2025-06-26T10:35:11","modified_gmt":"2025-06-26T10:35:11","slug":"geres-seguro-2023","status":"publish","type":"post","link":"https:\/\/geres.pt\/en\/geres-seguro-2023\/","title":{"rendered":"GER\u00caS SEGURO 2023"},"content":{"rendered":"<p>[vc_row css=&#8221;.vc_custom_1678374967119{padding-right: 50px !important;padding-left: 50px !important;}&#8221;][vc_column][vc_empty_space height=&#8221;10px&#8221;][vc_custom_heading text=&#8221;Projeto Ger\u00eas Seguro: Promo\u00e7\u00e3o de um Turismo Respons\u00e1vel e Sustent\u00e1vel no concelho de Terras de Bouro.&#8221; font_container=&#8221;tag:h2|font_size:20|text_align:justify&#8221; use_theme_fonts=&#8221;yes&#8221;][vc_empty_space height=&#8221;10px&#8221;]<p style=\"text-align: left;\">O Ger\u00eas Seguro 2023 \u00e9 um projeto inovador que tem vindo a promover a divulga\u00e7\u00e3o de orienta\u00e7\u00f5es fundamentais de boas pr\u00e1ticas ambientais nos locais de maior aflu\u00eancia tur\u00edstica no concelho de Terras de Bouro, no Parque Nacional da Peneda Ger\u00eas. Desde o seu lan\u00e7amento, em 2020, o projeto tem como objetivo primordial sensibilizar e orientar visitantes e turistas, incluindo os clientes de diversos estabelecimentos tur\u00edsticos, para que possam desfrutar em seguran\u00e7a dos recursos tur\u00edsticos da regi\u00e3o, contribuindo, assim, para a promo\u00e7\u00e3o do Ger\u00eas como um destino seguro e preservado.<\/p>\n<p style=\"text-align: left;\">Desenvolvido em parceria entre a Associa\u00e7\u00e3o Ger\u00eas Viver Turismo e a C\u00e2mara Municipal de Terras de Bouro, o Ger\u00eas Seguro conta tamb\u00e9m com o valioso apoio da Carclasse S.A., que disponibilizou uma viatura 100% el\u00e9trica, permitindo assim, uma maior efici\u00eancia nas a\u00e7\u00f5es de divulga\u00e7\u00e3o e fiscaliza\u00e7\u00e3o do projeto. O Ger\u00eas Seguro procura promover a consci\u00eancia ecol\u00f3gica e fomentar a ado\u00e7\u00e3o de comportamentos respons\u00e1veis pelos visitantes do Parque Nacional da Peneda Ger\u00eas. Atrav\u00e9s da divulga\u00e7\u00e3o de um conjunto de orienta\u00e7\u00f5es expl\u00edcitas e direcionadas para a ocupa\u00e7\u00e3o sustent\u00e1vel dos locais de maior aflu\u00eancia tur\u00edstica, pretende-se preservar o ambiente natural e a seguran\u00e7a de todos aqueles que exploram esta regi\u00e3o, e assim possibilitar o usufruto dos recursos tur\u00edsticos do Parque Nacional da Peneda Ger\u00eas de forma segura e sustent\u00e1vel.<\/p>\n[vc_empty_space][vc_single_image image=&#8221;15847&#8243; img_size=&#8221;large&#8221; alignment=&#8221;center&#8221; onclick=&#8221;link_image&#8221;][\/vc_column][\/vc_row][vc_row][vc_column][\/vc_column][\/vc_row][vc_row][vc_column][\/vc_column][\/vc_row][vc_row][vc_column][\/vc_column][\/vc_row]<\/p>\n","protected":false},"excerpt":{"rendered":"<p>[vc_row css=&#8221;.vc_custom_1678374967119{padding-right: 50px !important;padding-left: 50px !important;}&#8221;][vc_column][vc_empty_space height=&#8221;10px&#8221;][vc_custom_heading text=&#8221;Projeto Ger\u00eas Seguro: Promo\u00e7\u00e3o de um Turismo Respons\u00e1vel e Sustent\u00e1vel no concelho de Terras de Bouro.&#8221; font_container=&#8221;tag:h2|font_size:20|text_align:justify&#8221; use_theme_fonts=&#8221;yes&#8221;][vc_empty_space height=&#8221;10px&#8221;][vc_empty_space][vc_single_image image=&#8221;15847&#8243; img_size=&#8221;large&#8221; alignment=&#8221;center&#8221; onclick=&#8221;link_image&#8221;][\/vc_column][\/vc_row][vc_row][vc_column][\/vc_column][\/vc_row][vc_row][vc_column][\/vc_column][\/vc_row][vc_row][vc_column][\/vc_column][\/vc_row]<\/p>\n","protected":false},"author":15,"featured_media":15849,"comment_status":"closed","ping_status":"closed","sticky":false,"template":"","format":"standard","meta":{"_tribe_blocks_recurrence_rules":"","_tribe_blocks_recurrence_exclusions":"","_tribe_blocks_recurrence_description":""},"categories":[84],"tags":[],"_links":{"self":[{"href":"https:\/\/geres.pt\/en\/wp-json\/wp\/v2\/posts\/15846\/"}],"collection":[{"href":"https:\/\/geres.pt\/en\/wp-json\/wp\/v2\/posts\/"}],"about":[{"href":"https:\/\/geres.pt\/en\/wp-json\/wp\/v2\/types\/post\/"}],"author":[{"embeddable":true,"href":"https:\/\/geres.pt\/en\/wp-json\/wp\/v2\/users\/15\/"}],"replies":[{"embeddable":true,"href":"https:\/\/geres.pt\/en\/wp-json\/wp\/v2\/comments\/?post=15846"}],"version-history":[{"count":1,"href":"https:\/\/geres.pt\/en\/wp-json\/wp\/v2\/posts\/15846\/revisions\/"}],"predecessor-version":[{"id":22942,"href":"https:\/\/geres.pt\/en\/wp-json\/wp\/v2\/posts\/15846\/revisions\/22942\/"}],"wp:featuredmedia":[{"embeddable":true,"href":"https:\/\/geres.pt\/en\/wp-json\/wp\/v2\/media\/15849\/"}],"wp:attachment":[{"href":"https:\/\/geres.pt\/en\/wp-json\/wp\/v2\/media\/?parent=15846"}],"wp:term":[{"taxonomy":"category","embeddable":true,"href":"https:\/\/geres.pt\/en\/wp-json\/wp\/v2\/categories\/?post=15846"},{"taxonomy":"post_tag","embeddable":true,"href":"https:\/\/geres.pt\/en\/wp-json\/wp\/v2\/tags\/?post=15846"}],"curies":[{"name":"wp","href":"https:\/\/api.w.org\/{rel}","templated":true}]}}